{"id":11435,"date":"2023-09-20T14:51:00","date_gmt":"2023-09-20T18:51:00","guid":{"rendered":"https:\/\/chrs.uqam.ca\/?p=11435"},"modified":"2023-09-21T14:53:11","modified_gmt":"2023-09-21T18:53:11","slug":"ollivier-hubert-participe-au-colloque-le-colonialisme-dans-les-espaces-du-quebec-contemporain","status":"publish","type":"post","link":"https:\/\/chrs.uqam.ca\/index.php\/2023\/09\/20\/ollivier-hubert-participe-au-colloque-le-colonialisme-dans-les-espaces-du-quebec-contemporain\/","title":{"rendered":"Ollivier Hubert participe au colloque <i>Le colonialisme dans les espaces du Qu\u00e9bec contemporain\u00a0<\/i>"},"content":{"rendered":"\n<p>Ollivier Hubert, membre r\u00e9gulier au CHRS, donnera une conf\u00e9rence le vendredi 22 septembre avec Mathieu Arsenault (Universit\u00e9 de Montr\u00e9al) intitul\u00e9e&nbsp;: <em>\u00ab&nbsp;L\u2019extr\u00eame occident&nbsp;\u00bb du colonialisme qu\u00e9b\u00e9cois : l\u2019\u0153uvre missionnaire des femmes et des hommes d\u2019\u00c9glise aupr\u00e8s des Premi\u00e8res Nations<\/em>.<\/p>\n\n\n\n<p>Pour en savoir plus sur l&rsquo;\u00e9v\u00e9nement, consultez le <a href=\"https:\/\/cridaq.uqam.ca\/wp-content\/uploads\/2023\/09\/2023.09.14-Programme-colloque-colonialisme.pdf\">programme d\u00e9taill\u00e9<\/a>.<\/p>\n\n\n\n<p><em>Ce colloque a donc pour ambition de probl\u00e9matiser, dans une perspective interdisciplinaire, le colonialisme comme th\u00e8me d\u2019analyse structurant pour l\u2019\u00e9tude de dynamiques sociales, intellectuelles, \u00e9conomiques, politiques et historiques sur les territoires du Qu\u00e9bec contemporain. En plus de s\u2019interroger sur les pratiques et les effets de la colonisation et de l\u2019occupation du territoire en contexte qu\u00e9b\u00e9cois, nous souhaitons aborder la question du colonialisme largement pour faire r\u00e9f\u00e9rence, par exemple, \u00e0 diverses formes de domination et d\u2019occupation, aux exp\u00e9riences plurielles de r\u00e9sistance et d\u2019adaptation qui les accompagnent, \u00e0 la construction d\u2019alt\u00e9rit\u00e9s et d\u2019imaginaires et \u00e0 la commodification du territoire.<\/em><\/p>\n","protected":false},"excerpt":{"rendered":"<p>Ollivier Hubert donnera une conf\u00e9rence le vendredi 22 septembre avec Mathieu Arsenault  intitul\u00e9e : <i>\u00ab L\u2019extr\u00eame occident \u00bb du colonialisme qu\u00e9b\u00e9cois : l\u2019\u0153uvre missionnaire des femmes et des hommes d\u2019\u00c9glise aupr\u00e8s des Premi\u00e8res Nations. <\/i><\/p>\n","protected":false},"author":2,"featured_media":11436,"comment_status":"closed","ping_status":"closed","sticky":false,"template":"","format":"standard","meta":{"_monsterinsights_skip_tracking":false,"_monsterinsights_sitenote_active":false,"_monsterinsights_sitenote_note":"","_monsterinsights_sitenote_category":0,"footnotes":""},"categories":[3],"tags":[63],"class_list":["post-11435","post","type-post","status-publish","format-standard","has-post-thumbnail","hentry","category-actualites","tag-ollivier-hubert"],"_links":{"self":[{"href":"https:\/\/chrs.uqam.ca\/index.php\/wp-json\/wp\/v2\/posts\/11435","targetHints":{"allow":["GET"]}}],"collection":[{"href":"https:\/\/chrs.uqam.ca\/index.php\/wp-json\/wp\/v2\/posts"}],"about":[{"href":"https:\/\/chrs.uqam.ca\/index.php\/wp-json\/wp\/v2\/types\/post"}],"author":[{"embeddable":true,"href":"https:\/\/chrs.uqam.ca\/index.php\/wp-json\/wp\/v2\/users\/2"}],"replies":[{"embeddable":true,"href":"https:\/\/chrs.uqam.ca\/index.php\/wp-json\/wp\/v2\/comments?post=11435"}],"version-history":[{"count":2,"href":"https:\/\/chrs.uqam.ca\/index.php\/wp-json\/wp\/v2\/posts\/11435\/revisions"}],"predecessor-version":[{"id":11439,"href":"https:\/\/chrs.uqam.ca\/index.php\/wp-json\/wp\/v2\/posts\/11435\/revisions\/11439"}],"wp:featuredmedia":[{"embeddable":true,"href":"https:\/\/chrs.uqam.ca\/index.php\/wp-json\/wp\/v2\/media\/11436"}],"wp:attachment":[{"href":"https:\/\/chrs.uqam.ca\/index.php\/wp-json\/wp\/v2\/media?parent=11435"}],"wp:term":[{"taxonomy":"category","embeddable":true,"href":"https:\/\/chrs.uqam.ca\/index.php\/wp-json\/wp\/v2\/categories?post=11435"},{"taxonomy":"post_tag","embeddable":true,"href":"https:\/\/chrs.uqam.ca\/index.php\/wp-json\/wp\/v2\/tags?post=11435"}],"curies":[{"name":"wp","href":"https:\/\/api.w.org\/{rel}","templated":true}]}}