{"id":1110,"date":"2012-07-06T16:54:13","date_gmt":"2012-07-06T15:54:13","guid":{"rendered":"http:\/\/chrs.cieq.ca\/?p=1110"},"modified":"2019-02-01T10:44:51","modified_gmt":"2019-02-01T14:44:51","slug":"cite-historia-presente-un-cycle-de-conferences-sur-la-presence-amerindienne-dans-lhistoire-de-montreal-mai-juin-2012","status":"publish","type":"post","link":"https:\/\/chrs.uqam.ca\/index.php\/2012\/07\/06\/cite-historia-presente-un-cycle-de-conferences-sur-la-presence-amerindienne-dans-lhistoire-de-montreal-mai-juin-2012\/","title":{"rendered":"Cit\u00e9 historia pr\u00e9sente un cycle de conf\u00e9rences sur la pr\u00e9sence am\u00e9rindienne dans l&rsquo;histoire de Montr\u00e9al &#8211; mai-juin 2012"},"content":{"rendered":"<p class=\"p1\"><img loading=\"lazy\" decoding=\"async\" class=\"size-medium wp-image-1112 alignleft\" src=\"http:\/\/chrs.cieq.ca\/wp-content\/uploads\/2017\/02\/cite_historia-300x85.png\" alt=\"\" width=\"300\" height=\"85\" \/><\/p>\n<p class=\"p1\"><span class=\"s1\">Le<a href=\"http:\/\/www.citehistoria.qc.ca\/\"><span class=\"s2\"> mus\u00e9e d&rsquo;histoire du Sault-au-R\u00e9collet<\/span><\/a> a pr\u00e9sent\u00e9 une premi\u00e8re conf\u00e9rence le 12 mai et r\u00e9cidivera le samedi 26 mai (14h00 : Doroth\u00e9e Kaupp, \u00abLes r\u00e9collets en Nouvelle-France : les espaces de l&rsquo;expression des repr\u00e9sentations missionnaires\u00bb) et le samedi 9 juin (14h00 : <span class=\"s2\">Vincent Garneau<\/span>, \u00abLa mission du Fort-Lorette, les origines du Sault-au-R\u00e9collet\u00bb). <span class=\"s2\">Vincent Garneau<\/span>, assistant de recherche au CHRS de 2007 \u00e0 2010 et d\u00e9tenteur d&rsquo;une <span class=\"s2\">ma\u00eetrise en histoire de l&rsquo;UQAM<\/span> (direction : <a href=\"http:\/\/chrs.cieq.ca\/index.php\/a-propos\/equipe\/membres-reguliers\/martin-petitclerc\/\"><span class=\"s2\">Martin Petitclerc<\/span><\/a>), est actuellement coordonnateur du d\u00e9veloppement historique de <a href=\"http:\/\/www.citehistoria.qc.ca\/\"><span class=\"s2\">Cit\u00e9 historia<\/span><\/a>.<\/span><\/p>\n","protected":false},"excerpt":{"rendered":"<p>Le mus\u00e9e d&rsquo;histoire du Sault-au-R\u00e9collet a pr\u00e9sent\u00e9 une premi\u00e8re conf\u00e9rence le 12 mai et r\u00e9cidivera le samedi 26 mai (14h00 : Doroth\u00e9e Kaupp, \u00abLes r\u00e9collets en Nouvelle-France : les espaces&#8230;<\/p>\n","protected":false},"author":3,"featured_media":1112,"comment_status":"open","ping_status":"open","sticky":false,"template":"","format":"standard","meta":{"_monsterinsights_skip_tracking":false,"_monsterinsights_sitenote_active":false,"_monsterinsights_sitenote_note":"","_monsterinsights_sitenote_category":0,"footnotes":""},"categories":[5],"tags":[],"class_list":["post-1110","post","type-post","status-publish","format-standard","has-post-thumbnail","hentry","category-colloques-et-conferences"],"_links":{"self":[{"href":"https:\/\/chrs.uqam.ca\/index.php\/wp-json\/wp\/v2\/posts\/1110","targetHints":{"allow":["GET"]}}],"collection":[{"href":"https:\/\/chrs.uqam.ca\/index.php\/wp-json\/wp\/v2\/posts"}],"about":[{"href":"https:\/\/chrs.uqam.ca\/index.php\/wp-json\/wp\/v2\/types\/post"}],"author":[{"embeddable":true,"href":"https:\/\/chrs.uqam.ca\/index.php\/wp-json\/wp\/v2\/users\/3"}],"replies":[{"embeddable":true,"href":"https:\/\/chrs.uqam.ca\/index.php\/wp-json\/wp\/v2\/comments?post=1110"}],"version-history":[{"count":0,"href":"https:\/\/chrs.uqam.ca\/index.php\/wp-json\/wp\/v2\/posts\/1110\/revisions"}],"wp:featuredmedia":[{"embeddable":true,"href":"https:\/\/chrs.uqam.ca\/index.php\/wp-json\/wp\/v2\/media\/1112"}],"wp:attachment":[{"href":"https:\/\/chrs.uqam.ca\/index.php\/wp-json\/wp\/v2\/media?parent=1110"}],"wp:term":[{"taxonomy":"category","embeddable":true,"href":"https:\/\/chrs.uqam.ca\/index.php\/wp-json\/wp\/v2\/categories?post=1110"},{"taxonomy":"post_tag","embeddable":true,"href":"https:\/\/chrs.uqam.ca\/index.php\/wp-json\/wp\/v2\/tags?post=1110"}],"curies":[{"name":"wp","href":"https:\/\/api.w.org\/{rel}","templated":true}]}}