{"id":10507,"date":"2023-04-28T20:17:47","date_gmt":"2023-04-29T00:17:47","guid":{"rendered":"https:\/\/chrs.uqam.ca\/?p=10507"},"modified":"2023-04-28T20:18:14","modified_gmt":"2023-04-29T00:18:14","slug":"3-membres-etudiants-du-chrs-en-lice-pour-les-prix-du-livre-politique-lassemblee-nationale","status":"publish","type":"post","link":"https:\/\/chrs.uqam.ca\/index.php\/2023\/04\/28\/3-membres-etudiants-du-chrs-en-lice-pour-les-prix-du-livre-politique-lassemblee-nationale\/","title":{"rendered":"3 membres \u00e9tudiantes du CHRS en lice pour les Prix du livre politique l&rsquo;Assembl\u00e9e nationale"},"content":{"rendered":"\n<p>Chaque ann\u00e9e, la Fondation Jean-Charles-Bonenfant octroie des bourses \u00e0 des \u00e9tudiant.e.s dans le cadre des Prix du livre politique de l&rsquo;Assembl\u00e9e nationale du Qu\u00e9bec. \u00ab\u00a0Les&nbsp;Prix de la Fondation&nbsp;Jean-Charles-Bonenfant&nbsp;sont attribu\u00e9s aux \u00e9tudiants et \u00e9tudiantes ayant d\u00e9pos\u00e9, au cours de la derni\u00e8re ann\u00e9e, une th\u00e8se de doctorat ou un m\u00e9moire de ma\u00eetrise portant sur la vie politique au Qu\u00e9bec. Ces prix sont assortis de bourses d\u2019une valeur totale de 9&nbsp;500&nbsp;$.\u00a0\u00bb<\/p>\n\n\n\n<p>Cette ann\u00e9e, trois des membres \u00e9tudiantes du CHRS sont en lice pour ces prix:<\/p>\n\n\n\n<ul class=\"wp-block-list\">\n<li><strong>Andr\u00e9anne LeBrun<\/strong><br><em>\u00c9cole, adolescence et citoyennet\u00e9 : mod\u00e8les de citoyennet\u00e9 et de participation politique propos\u00e9s \u00e0 l\u2019\u00e9cole secondaire francophone catholique publique du Qu\u00e9bec (1956-1982)<\/em><br>Universit\u00e9 de Sherbrooke<\/li>\n<\/ul>\n\n\n\n<ul class=\"wp-block-list\">\n<li><strong>Sandrine Labelle<\/strong><br><em>\u00ab As International as Diapers? \u00bb : Conflits et internationalismes f\u00e9ministes au Canada (1960-1971)<\/em><br>Universit\u00e9 du Qu\u00e9bec \u00e0 Montr\u00e9al<br><\/li>\n\n\n\n<li><strong>Marie-Laurence Raby<\/strong><br><em>Femmes, r\u00e9seaux et subversion : l\u2019organisation f\u00e9ministe de l\u2019avortement ill\u00e9gal au Qu\u00e9bec (1969-1988)<\/em><br>Universit\u00e9 Laval<\/li>\n<\/ul>\n\n\n\n<p>Vous pouvez consulter la liste compl\u00e8te des nomin\u00e9.e.s dans <a href=\"https:\/\/www.assnat.qc.ca\/fr\/actualites-salle-presse\/communiques\/CommuniquePresse-6779.html\" target=\"_blank\" rel=\"noopener\" title=\"ce communiqu\u00e9\">ce communiqu\u00e9<\/a>.<\/p>\n","protected":false},"excerpt":{"rendered":"<p>Chaque ann\u00e9e, la Fondation Jean-Charles-Bonenfant octroie des bourses \u00e0 des \u00e9tudiant.e.s dans le cadre des Prix du livre politique de l&rsquo;Assembl\u00e9e nationale du Qu\u00e9bec. \u00ab\u00a0Les&nbsp;Prix de la Fondation&nbsp;Jean-Charles-Bonenfant&nbsp;sont attribu\u00e9s aux&#8230;<\/p>\n","protected":false},"author":11,"featured_media":10508,"comment_status":"closed","ping_status":"closed","sticky":false,"template":"","format":"standard","meta":{"_monsterinsights_skip_tracking":false,"_monsterinsights_sitenote_active":false,"_monsterinsights_sitenote_note":"","_monsterinsights_sitenote_category":0,"footnotes":""},"categories":[3],"tags":[565,581,576],"class_list":["post-10507","post","type-post","status-publish","format-standard","has-post-thumbnail","hentry","category-actualites","tag-andreanne-lebrun","tag-marie-laurence-raby","tag-sandrine-labelle"],"_links":{"self":[{"href":"https:\/\/chrs.uqam.ca\/index.php\/wp-json\/wp\/v2\/posts\/10507","targetHints":{"allow":["GET"]}}],"collection":[{"href":"https:\/\/chrs.uqam.ca\/index.php\/wp-json\/wp\/v2\/posts"}],"about":[{"href":"https:\/\/chrs.uqam.ca\/index.php\/wp-json\/wp\/v2\/types\/post"}],"author":[{"embeddable":true,"href":"https:\/\/chrs.uqam.ca\/index.php\/wp-json\/wp\/v2\/users\/11"}],"replies":[{"embeddable":true,"href":"https:\/\/chrs.uqam.ca\/index.php\/wp-json\/wp\/v2\/comments?post=10507"}],"version-history":[{"count":0,"href":"https:\/\/chrs.uqam.ca\/index.php\/wp-json\/wp\/v2\/posts\/10507\/revisions"}],"wp:featuredmedia":[{"embeddable":true,"href":"https:\/\/chrs.uqam.ca\/index.php\/wp-json\/wp\/v2\/media\/10508"}],"wp:attachment":[{"href":"https:\/\/chrs.uqam.ca\/index.php\/wp-json\/wp\/v2\/media?parent=10507"}],"wp:term":[{"taxonomy":"category","embeddable":true,"href":"https:\/\/chrs.uqam.ca\/index.php\/wp-json\/wp\/v2\/categories?post=10507"},{"taxonomy":"post_tag","embeddable":true,"href":"https:\/\/chrs.uqam.ca\/index.php\/wp-json\/wp\/v2\/tags?post=10507"}],"curies":[{"name":"wp","href":"https:\/\/api.w.org\/{rel}","templated":true}]}}