{"id":10473,"date":"2023-04-12T15:48:20","date_gmt":"2023-04-12T19:48:20","guid":{"rendered":"https:\/\/chrs.uqam.ca\/?p=10473"},"modified":"2023-04-12T15:48:21","modified_gmt":"2023-04-12T19:48:21","slug":"conference-du-groupe-detude-sur-le-colonialisme-quebecois","status":"publish","type":"post","link":"https:\/\/chrs.uqam.ca\/index.php\/2023\/04\/12\/conference-du-groupe-detude-sur-le-colonialisme-quebecois\/","title":{"rendered":"Conf\u00e9rence du Groupe d&rsquo;\u00e9tude sur le colonialisme qu\u00e9b\u00e9cois"},"content":{"rendered":"\n<p>Le vendredi 28 avril \u00e0 14 h, le Groupe d&rsquo;\u00e9tude sur le colonialisme qu\u00e9b\u00e9cois tiendra \u00e0 l&rsquo;UdeM une conf\u00e9rence intitul\u00e9e \u00ab\u00a0Colonialisme et colonisation au Qu\u00e9bec de la Crise des ann\u00e9es 1920-1930 \u00e0 la R\u00e9volution tranquille: Entre d\u00e9ni symbolique et pratiques politiques\u00a0\u00bb.<\/p>\n\n\n\n<p>Tous les d\u00e9tails sont sur l&rsquo;affiche ci-dessous et sur <a href=\"https:\/\/www.facebook.com\/permalink.php?story_fbid=pfbid02W3G7CY35RuNc26Ao4fZCu6wHYaycxESrqAnrW5jRB8bV9NmbjYK1yoFtCsihHjfnl&amp;id=100083351080134\" target=\"_blank\" rel=\"noopener\" title=\"la page Facebook du Groupe\">la page Facebook du Groupe<\/a>.<\/p>\n\n\n\n<figure class=\"wp-block-image size-large\"><img loading=\"lazy\" decoding=\"async\" width=\"791\" height=\"1024\" src=\"https:\/\/chrs.uqam.ca\/wp-content\/uploads\/2023\/04\/conference-791x1024.jpg\" alt=\"\" class=\"wp-image-10474\" srcset=\"https:\/\/chrs.uqam.ca\/wp-content\/uploads\/2023\/04\/conference-791x1024.jpg 791w, https:\/\/chrs.uqam.ca\/wp-content\/uploads\/2023\/04\/conference-232x300.jpg 232w, https:\/\/chrs.uqam.ca\/wp-content\/uploads\/2023\/04\/conference-768x994.jpg 768w, https:\/\/chrs.uqam.ca\/wp-content\/uploads\/2023\/04\/conference-1187x1536.jpg 1187w, https:\/\/chrs.uqam.ca\/wp-content\/uploads\/2023\/04\/conference.jpg 1224w\" sizes=\"auto, (max-width: 791px) 100vw, 791px\" \/><\/figure>\n","protected":false},"excerpt":{"rendered":"<p>Le vendredi 28 avril \u00e0 14 h, le Groupe d&rsquo;\u00e9tude sur le colonialisme qu\u00e9b\u00e9cois tiendra \u00e0 l&rsquo;UdeM une conf\u00e9rence intitul\u00e9e \u00ab\u00a0Colonialisme et colonisation au Qu\u00e9bec de la Crise des ann\u00e9es&#8230;<\/p>\n","protected":false},"author":11,"featured_media":2348,"comment_status":"closed","ping_status":"closed","sticky":false,"template":"","format":"standard","meta":{"_monsterinsights_skip_tracking":false,"_monsterinsights_sitenote_active":false,"_monsterinsights_sitenote_note":"","_monsterinsights_sitenote_category":0,"footnotes":""},"categories":[3,5],"tags":[],"class_list":["post-10473","post","type-post","status-publish","format-standard","has-post-thumbnail","hentry","category-actualites","category-colloques-et-conferences"],"_links":{"self":[{"href":"https:\/\/chrs.uqam.ca\/index.php\/wp-json\/wp\/v2\/posts\/10473","targetHints":{"allow":["GET"]}}],"collection":[{"href":"https:\/\/chrs.uqam.ca\/index.php\/wp-json\/wp\/v2\/posts"}],"about":[{"href":"https:\/\/chrs.uqam.ca\/index.php\/wp-json\/wp\/v2\/types\/post"}],"author":[{"embeddable":true,"href":"https:\/\/chrs.uqam.ca\/index.php\/wp-json\/wp\/v2\/users\/11"}],"replies":[{"embeddable":true,"href":"https:\/\/chrs.uqam.ca\/index.php\/wp-json\/wp\/v2\/comments?post=10473"}],"version-history":[{"count":0,"href":"https:\/\/chrs.uqam.ca\/index.php\/wp-json\/wp\/v2\/posts\/10473\/revisions"}],"wp:featuredmedia":[{"embeddable":true,"href":"https:\/\/chrs.uqam.ca\/index.php\/wp-json\/wp\/v2\/media\/2348"}],"wp:attachment":[{"href":"https:\/\/chrs.uqam.ca\/index.php\/wp-json\/wp\/v2\/media?parent=10473"}],"wp:term":[{"taxonomy":"category","embeddable":true,"href":"https:\/\/chrs.uqam.ca\/index.php\/wp-json\/wp\/v2\/categories?post=10473"},{"taxonomy":"post_tag","embeddable":true,"href":"https:\/\/chrs.uqam.ca\/index.php\/wp-json\/wp\/v2\/tags?post=10473"}],"curies":[{"name":"wp","href":"https:\/\/api.w.org\/{rel}","templated":true}]}}