{"id":10462,"date":"2023-03-29T14:35:52","date_gmt":"2023-03-29T18:35:52","guid":{"rendered":"https:\/\/chrs.uqam.ca\/?p=10462"},"modified":"2023-03-29T14:35:53","modified_gmt":"2023-03-29T18:35:53","slug":"catherine-larochelle-participe-a-louvrage-maternites-academiques-et-pandemie","status":"publish","type":"post","link":"https:\/\/chrs.uqam.ca\/index.php\/2023\/03\/29\/catherine-larochelle-participe-a-louvrage-maternites-academiques-et-pandemie\/","title":{"rendered":"Catherine Larochelle participe \u00e0 l&rsquo;ouvrage <em>Maternit\u00e9s acad\u00e9miques et pand\u00e9mie<\/em>"},"content":{"rendered":"\n<p>Les Presses de l&rsquo;Universit\u00e9 du Qu\u00e9bec publieront prochainement <em><a href=\"https:\/\/puq.ca\/catalogue\/livres\/maternites-academiques-pandemie-4263.html\" target=\"_blank\" rel=\"noopener\" title=\"Maternit\u00e9s acad\u00e9miques et pand\u00e9mie: Lieux, temps et r\u00e9seaux entre pressions et r\u00e9siliences\">Maternit\u00e9s acad\u00e9miques et pand\u00e9mie: Lieux, temps et r\u00e9seaux entre pressions et r\u00e9siliences<\/a><\/em>. Cet ouvrage collectif, dirig\u00e9 par Am\u00e9lie Keyser-Verreault et Florence Pasche Guignard, vise \u00e0 \u00ab\u00a0donner une visibilit\u00e9 particuli\u00e8re aux situations rencontr\u00e9es par les m\u00e8res et les personnes assumant un r\u00f4le parental dans le contexte acad\u00e9mique pendant et \u00e0 la suite de la pand\u00e9mie\u00a0\u00bb de COVID-19.<\/p>\n\n\n\n<p>Catherine Larochelle, professeure au d\u00e9partement d&rsquo;histoire de l&rsquo;UdeM et chercheuse membre du CHRS, signe le chapitre 7, \u00ab\u00a0En attente des changements institutionnels demand\u00e9s d\u00e8s 2020 (et m\u00eame avant)\u00a0\u00bb. L&rsquo;ouvrage r\u00e9unit en outre les contributions de plusieurs m\u00e8res acad\u00e9miques francophones dans une perspective intersectionnelle qui permet d&rsquo;explorer \u00ab\u00a0les exp\u00e9riences li\u00e9es \u00e0 la maternit\u00e9 des \u00e9tudiantes de doctorat, des chercheuses postdoctorales, des personnes nouvellement professeures, en mi-carri\u00e8re ou titularis\u00e9es durant la pand\u00e9mie\u00a0\u00bb.<\/p>\n\n\n\n<p><em>Maternit\u00e9s acad\u00e9miques et pand\u00e9mie <\/em>sera en vente \u00e0 compter du 5 avril 2023.<\/p>\n","protected":false},"excerpt":{"rendered":"<p>Les Presses de l&rsquo;Universit\u00e9 du Qu\u00e9bec publieront prochainement Maternit\u00e9s acad\u00e9miques et pand\u00e9mie: Lieux, temps et r\u00e9seaux entre pressions et r\u00e9siliences. Cet ouvrage collectif, dirig\u00e9 par Am\u00e9lie Keyser-Verreault et Florence Pasche&#8230;<\/p>\n","protected":false},"author":11,"featured_media":10463,"comment_status":"closed","ping_status":"closed","sticky":false,"template":"","format":"standard","meta":{"_monsterinsights_skip_tracking":false,"_monsterinsights_sitenote_active":false,"_monsterinsights_sitenote_note":"","_monsterinsights_sitenote_category":0,"footnotes":""},"categories":[3,11],"tags":[43],"class_list":["post-10462","post","type-post","status-publish","format-standard","has-post-thumbnail","hentry","category-actualites","category-publications","tag-catherine-larochelle"],"_links":{"self":[{"href":"https:\/\/chrs.uqam.ca\/index.php\/wp-json\/wp\/v2\/posts\/10462","targetHints":{"allow":["GET"]}}],"collection":[{"href":"https:\/\/chrs.uqam.ca\/index.php\/wp-json\/wp\/v2\/posts"}],"about":[{"href":"https:\/\/chrs.uqam.ca\/index.php\/wp-json\/wp\/v2\/types\/post"}],"author":[{"embeddable":true,"href":"https:\/\/chrs.uqam.ca\/index.php\/wp-json\/wp\/v2\/users\/11"}],"replies":[{"embeddable":true,"href":"https:\/\/chrs.uqam.ca\/index.php\/wp-json\/wp\/v2\/comments?post=10462"}],"version-history":[{"count":0,"href":"https:\/\/chrs.uqam.ca\/index.php\/wp-json\/wp\/v2\/posts\/10462\/revisions"}],"wp:featuredmedia":[{"embeddable":true,"href":"https:\/\/chrs.uqam.ca\/index.php\/wp-json\/wp\/v2\/media\/10463"}],"wp:attachment":[{"href":"https:\/\/chrs.uqam.ca\/index.php\/wp-json\/wp\/v2\/media?parent=10462"}],"wp:term":[{"taxonomy":"category","embeddable":true,"href":"https:\/\/chrs.uqam.ca\/index.php\/wp-json\/wp\/v2\/categories?post=10462"},{"taxonomy":"post_tag","embeddable":true,"href":"https:\/\/chrs.uqam.ca\/index.php\/wp-json\/wp\/v2\/tags?post=10462"}],"curies":[{"name":"wp","href":"https:\/\/api.w.org\/{rel}","templated":true}]}}