{"id":10425,"date":"2023-02-13T14:48:43","date_gmt":"2023-02-13T18:48:43","guid":{"rendered":"https:\/\/chrs.uqam.ca\/?p=10425"},"modified":"2023-02-13T14:49:42","modified_gmt":"2023-02-13T18:49:42","slug":"catherine-larochelle-repond-a-la-chronique-de-maxime-pednaud-jobin-sur-la-nomination-damira-elghawaby","status":"publish","type":"post","link":"https:\/\/chrs.uqam.ca\/index.php\/2023\/02\/13\/catherine-larochelle-repond-a-la-chronique-de-maxime-pednaud-jobin-sur-la-nomination-damira-elghawaby\/","title":{"rendered":"Catherine Larochelle r\u00e9pond \u00e0 la chronique de Maxime Pednaud-Jobin sur la nomination d&rsquo;Amira Elghawaby"},"content":{"rendered":"\n<p>Le 2 f\u00e9vrier, Maxime Pednaud-Jobin signait dans <em>La Presse <\/em>une chronique intitul\u00e9e <a href=\"https:\/\/www.lapresse.ca\/debats\/chroniques\/2023-02-02\/nos-souffrances-la-font-vomir.php\" target=\"_blank\" rel=\"noopener\" title=\"&quot;Nos souffrances la font vomir&quot;\">\u00ab\u00a0Nos souffrances la font vomir\u00a0\u00bb<\/a>, en r\u00e9ponse \u00e0 un tweet d&rsquo;Amira Elghawaby ayant fait surgir une controverse depuis sa nomination:<\/p>\n\n\n\n<p><em>\u00ab\u00a0En effet, alors qu\u2019un professeur de philosophie de l\u2019Universit\u00e9 de Toronto \u00e9crivait que les Canadiens fran\u00e7ais \u00e9taient le plus grand groupe de personnes victimes du colonialisme britannique au Canada, la r\u00e9action de M<sup>me&nbsp;<\/sup>Elghawaby a \u00e9t\u00e9 de dire que cela lui donnait la naus\u00e9e. Les souffrances des Qu\u00e9b\u00e9cois ne comptent pas, nous sommes les m\u00e9chants dans son univers de pr\u00e9jug\u00e9s, de jugements simplistes et d\u2019ignorance.<\/em>\u00ab\u00a0<\/p>\n\n\n\n<p>Dans sa chronique, Pednaud-Jobin parle des in\u00e9galit\u00e9s historiquement subies par les Canadien.ne.s fran\u00e7ais.es pour illustrer \u00ab\u00a0ce qu\u2019a voulu dire, pour nous, ce colonialisme d\u2019abord britannique, puis canadien\u00a0\u00bb.<\/p>\n\n\n\n<p>Le 9 f\u00e9vrier, Catherine Larochelle, chercheuse membre du CHRS, lui r\u00e9pondait dans un texte publi\u00e9 sur <em>Histoire engag\u00e9e<\/em>, intitul\u00e9 <a href=\"http:\/\/histoireengagee.ca\/les-abus-de-la-memoire-bouclier\/#_ftn1\" target=\"_blank\" rel=\"noopener\" title=\"&quot;Les abus de la m\u00e9moire-bouclier&quot;\">\u00ab\u00a0Les abus de la m\u00e9moire-bouclier\u00a0\u00bb<\/a>. Elle accuse la chronique de Pednaud-Jobin d&rsquo;\u00eatre \u00ab\u00a0un parfait exemple d\u2019instrumentalisation pernicieuse de l\u2019histoire\u00a0\u00bb.<\/p>\n\n\n\n<p><em>\u00ab\u00a0L\u2019histoire d\u2019une soci\u00e9t\u00e9 ne s\u2019explique pas en alignant deux trois faits et en leur faisant dire ce que l\u2019on veut. Sa manipulation est dangereuse et avec elle viennent des responsabilit\u00e9s, car la m\u00e9moire collective qui en sort peut nourrir la solidarit\u00e9 sociale, comme elle peut faire l\u2019inverse.\u00a0\u00bb<\/em><\/p>\n\n\n\n<p>Catherine Larochelle propose dans son texte d&rsquo;utiliser le pass\u00e9 plut\u00f4t pour observer le rapport historique entre le Qu\u00e9bec et l&rsquo;islam et comprendre comment cette relation et cet imaginaire affectent les enjeux actuels de la soci\u00e9t\u00e9 qu\u00e9b\u00e9coise.<\/p>\n","protected":false},"excerpt":{"rendered":"<p>Le 2 f\u00e9vrier, Maxime Pednaud-Jobin signait dans La Presse une chronique intitul\u00e9e \u00ab\u00a0Nos souffrances la font vomir\u00a0\u00bb, en r\u00e9ponse \u00e0 un tweet d&rsquo;Amira Elghawaby ayant fait surgir une controverse depuis&#8230;<\/p>\n","protected":false},"author":11,"featured_media":9649,"comment_status":"closed","ping_status":"closed","sticky":false,"template":"","format":"standard","meta":{"_monsterinsights_skip_tracking":false,"_monsterinsights_sitenote_active":false,"_monsterinsights_sitenote_note":"","_monsterinsights_sitenote_category":0,"footnotes":""},"categories":[3,11],"tags":[43],"class_list":["post-10425","post","type-post","status-publish","format-standard","has-post-thumbnail","hentry","category-actualites","category-publications","tag-catherine-larochelle"],"_links":{"self":[{"href":"https:\/\/chrs.uqam.ca\/index.php\/wp-json\/wp\/v2\/posts\/10425","targetHints":{"allow":["GET"]}}],"collection":[{"href":"https:\/\/chrs.uqam.ca\/index.php\/wp-json\/wp\/v2\/posts"}],"about":[{"href":"https:\/\/chrs.uqam.ca\/index.php\/wp-json\/wp\/v2\/types\/post"}],"author":[{"embeddable":true,"href":"https:\/\/chrs.uqam.ca\/index.php\/wp-json\/wp\/v2\/users\/11"}],"replies":[{"embeddable":true,"href":"https:\/\/chrs.uqam.ca\/index.php\/wp-json\/wp\/v2\/comments?post=10425"}],"version-history":[{"count":0,"href":"https:\/\/chrs.uqam.ca\/index.php\/wp-json\/wp\/v2\/posts\/10425\/revisions"}],"wp:featuredmedia":[{"embeddable":true,"href":"https:\/\/chrs.uqam.ca\/index.php\/wp-json\/wp\/v2\/media\/9649"}],"wp:attachment":[{"href":"https:\/\/chrs.uqam.ca\/index.php\/wp-json\/wp\/v2\/media?parent=10425"}],"wp:term":[{"taxonomy":"category","embeddable":true,"href":"https:\/\/chrs.uqam.ca\/index.php\/wp-json\/wp\/v2\/categories?post=10425"},{"taxonomy":"post_tag","embeddable":true,"href":"https:\/\/chrs.uqam.ca\/index.php\/wp-json\/wp\/v2\/tags?post=10425"}],"curies":[{"name":"wp","href":"https:\/\/api.w.org\/{rel}","templated":true}]}}