{"id":10356,"date":"2022-12-19T18:15:02","date_gmt":"2022-12-19T22:15:02","guid":{"rendered":"https:\/\/chrs.uqam.ca\/?p=10356"},"modified":"2022-12-19T18:15:04","modified_gmt":"2022-12-19T22:15:04","slug":"catherine-larochelle-en-entrevue-dans-le-webzine-vivre-ensemble-et-le-balado-notre-histoire-en-tete","status":"publish","type":"post","link":"https:\/\/chrs.uqam.ca\/index.php\/2022\/12\/19\/catherine-larochelle-en-entrevue-dans-le-webzine-vivre-ensemble-et-le-balado-notre-histoire-en-tete\/","title":{"rendered":"Catherine Larochelle en entrevue dans le webzine <em>Vivre ensemble<\/em> et le balado <em>Notre histoire en t\u00eate<\/em>"},"content":{"rendered":"\n<p>Catherine Larochelle, professeure au d\u00e9partement d&rsquo;histoire de l&rsquo;UdeM et chercheuse membre du CHRS, a r\u00e9cemment parl\u00e9 de son livre <em>L&rsquo;\u00e9cole du racisme <\/em>dans deux m\u00e9dias.<\/p>\n\n\n\n<p>Le webzine Vivre ensemble est publi\u00e9 par le Centre justice et foi et propose \u00ab\u00a0information, r\u00e9flexion et analyse sur les migrations et le pluralisme, avec un parti pris pour l\u2019\u00e9galit\u00e9 et la citoyennet\u00e9 active\u00a0\u00bb. Le 6 d\u00e9cembre, le m\u00e9dia a publi\u00e9 un entretien avec Catherine Larochelle intitul\u00e9 <a href=\"https:\/\/cjf.qc.ca\/vivre-ensemble\/webzine\/article\/portee-democratique-ecriture-inclusive-de-lhistoire-et-de-sa-dimension-publique-entretien-avec-catherine-larochelle\/\" target=\"_blank\" rel=\"noopener\" title=\"&quot;La port\u00e9e d\u00e9mocratique de l\u2019\u00e9criture inclusive de l\u2019histoire et de sa dimension publique&quot;\">\u00ab\u00a0La port\u00e9e d\u00e9mocratique de l\u2019\u00e9criture inclusive de l\u2019histoire et de sa dimension publique\u00a0\u00bb<\/a>. La chercheuse y parle entre autres des conclusions de son livre quant aux liens entre \u00e9cole, nationalisme et racisme, et du pouvoir que peut avoir le r\u00e9cit historique au sein d&rsquo;une soci\u00e9t\u00e9 \u2013 et donc de l&rsquo;importance de le partager.<\/p>\n\n\n\n<p>Catherine Larochelle s&rsquo;est \u00e9galement entretenue avec l&rsquo;historien Guy Laperri\u00e8re dans <em>Notre histoire en t\u00eate,<\/em> un balado produit par la Soci\u00e9t\u00e9 historique de Montr\u00e9al qui explore avec diff\u00e9rent.e.s invit\u00e9.e.s l&rsquo;histoire montr\u00e9alaise et qu\u00e9b\u00e9coise. L&rsquo;entretien d&rsquo;une heure est disponible int\u00e9gralement <a href=\"https:\/\/www.societehistoriquedemontreal.org\/radio\/notre-histoire-en-tete-catherine-larochelle\/?fbclid=IwAR3D9IzAaiGoYQXAxED3EMa0mduPzMfIZ6ffiXYBbjWM-0MyGbDJzUsfgG4\" target=\"_blank\" rel=\"noopener\" title=\"sur la page web du balado\">sur la page web du balado<\/a>.<\/p>\n","protected":false},"excerpt":{"rendered":"<p>Catherine Larochelle, professeure au d\u00e9partement d&rsquo;histoire de l&rsquo;UdeM et chercheuse membre du CHRS, a r\u00e9cemment parl\u00e9 de son livre L&rsquo;\u00e9cole du racisme dans deux m\u00e9dias. Le webzine Vivre ensemble est&#8230;<\/p>\n","protected":false},"author":11,"featured_media":9649,"comment_status":"closed","ping_status":"closed","sticky":false,"template":"","format":"standard","meta":{"_monsterinsights_skip_tracking":false,"_monsterinsights_sitenote_active":false,"_monsterinsights_sitenote_note":"","_monsterinsights_sitenote_category":0,"footnotes":""},"categories":[3],"tags":[43],"class_list":["post-10356","post","type-post","status-publish","format-standard","has-post-thumbnail","hentry","category-actualites","tag-catherine-larochelle"],"_links":{"self":[{"href":"https:\/\/chrs.uqam.ca\/index.php\/wp-json\/wp\/v2\/posts\/10356","targetHints":{"allow":["GET"]}}],"collection":[{"href":"https:\/\/chrs.uqam.ca\/index.php\/wp-json\/wp\/v2\/posts"}],"about":[{"href":"https:\/\/chrs.uqam.ca\/index.php\/wp-json\/wp\/v2\/types\/post"}],"author":[{"embeddable":true,"href":"https:\/\/chrs.uqam.ca\/index.php\/wp-json\/wp\/v2\/users\/11"}],"replies":[{"embeddable":true,"href":"https:\/\/chrs.uqam.ca\/index.php\/wp-json\/wp\/v2\/comments?post=10356"}],"version-history":[{"count":0,"href":"https:\/\/chrs.uqam.ca\/index.php\/wp-json\/wp\/v2\/posts\/10356\/revisions"}],"wp:featuredmedia":[{"embeddable":true,"href":"https:\/\/chrs.uqam.ca\/index.php\/wp-json\/wp\/v2\/media\/9649"}],"wp:attachment":[{"href":"https:\/\/chrs.uqam.ca\/index.php\/wp-json\/wp\/v2\/media?parent=10356"}],"wp:term":[{"taxonomy":"category","embeddable":true,"href":"https:\/\/chrs.uqam.ca\/index.php\/wp-json\/wp\/v2\/categories?post=10356"},{"taxonomy":"post_tag","embeddable":true,"href":"https:\/\/chrs.uqam.ca\/index.php\/wp-json\/wp\/v2\/tags?post=10356"}],"curies":[{"name":"wp","href":"https:\/\/api.w.org\/{rel}","templated":true}]}}