{"id":10351,"date":"2022-12-17T14:02:51","date_gmt":"2022-12-17T18:02:51","guid":{"rendered":"https:\/\/chrs.uqam.ca\/?p=10351"},"modified":"2022-12-17T14:02:53","modified_gmt":"2022-12-17T18:02:53","slug":"louise-bienvenue-participe-a-un-balado-au-sujet-du-wokisme","status":"publish","type":"post","link":"https:\/\/chrs.uqam.ca\/index.php\/2022\/12\/17\/louise-bienvenue-participe-a-un-balado-au-sujet-du-wokisme\/","title":{"rendered":"Louise Bienvenue participe \u00e0 un balado au sujet du wokisme"},"content":{"rendered":"\n<p>La Facult\u00e9 des lettres et sciences humaines de l\u2019Universit\u00e9 de Sherbrooke vient de lancer <em><a href=\"https:\/\/www.usherbrooke.ca\/flsh\/recherche\/balados\/les-histoires-quon-se-raconte\" target=\"_blank\" rel=\"noopener\" title=\"Les histoires qu'on se raconte\">Les histoires qu&rsquo;on se raconte<\/a><\/em>, un nouveau balado anim\u00e9 par Maden, originaire de Bretagne et \u00e9tudiant au Qu\u00e9bec depuis 2019.<\/p>\n\n\n\n<p>Pour le premier \u00e9pisode, Maden et ses invit\u00e9.e.s explorent le sujet des wokes en se demandant \u00ab\u00a0qui sont les wokes? Quelles sont leurs revendications? Comment leur militantisme s\u2019inscrit-il dans ce qui le pr\u00e9c\u00e8de, au Qu\u00e9bec? Comment devient-on woke? Et pourquoi?\u00a0\u00bb L&rsquo;animateur a sollicit\u00e9 l&rsquo;expertise de Louise Bienvenue, chercheuse membre du CHRS, pour se renseigner sur les luttes sociales marquantes de l&rsquo;histoire du Qu\u00e9bec et voir \u00ab\u00a0qui \u00e9taient les wokes d&rsquo;hier\u00a0\u00bb.<\/p>\n\n\n\n<p>Vous pouvez \u00e9couter l&rsquo;\u00e9pisode complet <a href=\"https:\/\/www.usherbrooke.ca\/flsh\/recherche\/balados\/les-histoires-quon-se-raconte\/les-wokes?fbclid=IwAR2sHtlkYz8evNwY48f47H8LdnOmI396BCJFYNj68sQW_ylfE6ba3-e22Os\" target=\"_blank\" rel=\"noopener\" title=\"sur la page web du balado\">sur la page web du balado<\/a>.<\/p>\n","protected":false},"excerpt":{"rendered":"<p>La Facult\u00e9 des lettres et sciences humaines de l\u2019Universit\u00e9 de Sherbrooke vient de lancer Les histoires qu&rsquo;on se raconte, un nouveau balado anim\u00e9 par Maden, originaire de Bretagne et \u00e9tudiant&#8230;<\/p>\n","protected":false},"author":11,"featured_media":6995,"comment_status":"closed","ping_status":"closed","sticky":false,"template":"","format":"standard","meta":{"_monsterinsights_skip_tracking":false,"_monsterinsights_sitenote_active":false,"_monsterinsights_sitenote_note":"","_monsterinsights_sitenote_category":0,"footnotes":""},"categories":[3],"tags":[4],"class_list":["post-10351","post","type-post","status-publish","format-standard","has-post-thumbnail","hentry","category-actualites","tag-louise-bienvenue"],"_links":{"self":[{"href":"https:\/\/chrs.uqam.ca\/index.php\/wp-json\/wp\/v2\/posts\/10351","targetHints":{"allow":["GET"]}}],"collection":[{"href":"https:\/\/chrs.uqam.ca\/index.php\/wp-json\/wp\/v2\/posts"}],"about":[{"href":"https:\/\/chrs.uqam.ca\/index.php\/wp-json\/wp\/v2\/types\/post"}],"author":[{"embeddable":true,"href":"https:\/\/chrs.uqam.ca\/index.php\/wp-json\/wp\/v2\/users\/11"}],"replies":[{"embeddable":true,"href":"https:\/\/chrs.uqam.ca\/index.php\/wp-json\/wp\/v2\/comments?post=10351"}],"version-history":[{"count":0,"href":"https:\/\/chrs.uqam.ca\/index.php\/wp-json\/wp\/v2\/posts\/10351\/revisions"}],"wp:featuredmedia":[{"embeddable":true,"href":"https:\/\/chrs.uqam.ca\/index.php\/wp-json\/wp\/v2\/media\/6995"}],"wp:attachment":[{"href":"https:\/\/chrs.uqam.ca\/index.php\/wp-json\/wp\/v2\/media?parent=10351"}],"wp:term":[{"taxonomy":"category","embeddable":true,"href":"https:\/\/chrs.uqam.ca\/index.php\/wp-json\/wp\/v2\/categories?post=10351"},{"taxonomy":"post_tag","embeddable":true,"href":"https:\/\/chrs.uqam.ca\/index.php\/wp-json\/wp\/v2\/tags?post=10351"}],"curies":[{"name":"wp","href":"https:\/\/api.w.org\/{rel}","templated":true}]}}