{"id":10326,"date":"2022-12-08T12:33:26","date_gmt":"2022-12-08T16:33:26","guid":{"rendered":"https:\/\/chrs.uqam.ca\/?p=10326"},"modified":"2022-12-08T12:33:28","modified_gmt":"2022-12-08T16:33:28","slug":"catherine-tremblay-publie-sa-these-de-doctorat-sur-les-mineur-e-s-devant-la-justice","status":"publish","type":"post","link":"https:\/\/chrs.uqam.ca\/index.php\/2022\/12\/08\/catherine-tremblay-publie-sa-these-de-doctorat-sur-les-mineur-e-s-devant-la-justice\/","title":{"rendered":"Catherine Tremblay publie sa th\u00e8se de doctorat sur les mineur.e.s devant la justice"},"content":{"rendered":"\n<p>Catherine Tremblay a soutenu en f\u00e9vrier 2022 une th\u00e8se de doctorat \u00a0intitul\u00e9e\u00a0<a href=\"https:\/\/savoirs.usherbrooke.ca\/handle\/11143\/19062?fbclid=IwAR34dw68ljeJYNRjzKOg7YbMXGxPubVPyQnz761uWbkBFUp00zC4UmbkbOQ\" target=\"_blank\" rel=\"noreferrer noopener\">\u00ab Plus que des histoires de jeunesse: les mineur.e.s devant les tribunaux dans la r\u00e9gion du Saguenay\u2015Lac-Saint-Jean entre 1950 et 1977 \u00bb<\/a>, dirig\u00e9e par Louise Bienvenue, de l\u2019Universit\u00e9 de Sherbrooke, et Peter Gossage, de l\u2019Universit\u00e9 Concordia. Elle y \u00e9tudie la prise en charge des probl\u00e8mes de l\u2019enfance et de la famille par les Cours de bien-\u00eatre social (CBES), des tribunaux de juridiction mixte mis sur pied en 1950 et qui deviennent \u00ab\u00a0des structures charni\u00e8res dans la prise en charge de l\u2019enfance &lsquo;d\u00e9linquante et en danger&rsquo; \u00bb. Le d\u00e9ploiement de ces cours \u00e9tant longtemps demeur\u00e9 limit\u00e9 \u00e0 quelques districts judiciaires seulement, Catherine Tremblay s&rsquo;est int\u00e9ress\u00e9e au cas du Saguenay\u2015Lac-Saint-Jean pour voir comment la justice juv\u00e9nile s&rsquo;est pratiqu\u00e9e avant et apr\u00e8s l&rsquo;instauration de ce tribunal, s&rsquo;il y a eu des cons\u00e9quences \u00e0 l&rsquo;introduction tardive d&rsquo;une cour sp\u00e9cialis\u00e9e, et s&rsquo;il existe des diff\u00e9rences dans la pratique de la justice juv\u00e9nile dans les diff\u00e9rentes r\u00e9gions de la province.<\/p>\n\n\n\n<p>Sa th\u00e8se vient d&rsquo;\u00eatre publi\u00e9e et peut \u00eatre command\u00e9e via le Groupe de recherche et d&rsquo;intervention r\u00e9gionales (GRIR) de l&rsquo;Universit\u00e9 du Qu\u00e9bec \u00e0 Chicoutimi. Pour les d\u00e9tails, cliquez <a href=\"https:\/\/www.facebook.com\/photo?fbid=440824591566263&amp;set=a.398456179136438\" target=\"_blank\" rel=\"noopener\" title=\"\">ici<\/a>.<\/p>\n","protected":false},"excerpt":{"rendered":"<p>Catherine Tremblay a soutenu en f\u00e9vrier 2022 une th\u00e8se de doctorat \u00a0intitul\u00e9e\u00a0\u00ab Plus que des histoires de jeunesse: les mineur.e.s devant les tribunaux dans la r\u00e9gion du Saguenay\u2015Lac-Saint-Jean entre 1950&#8230;<\/p>\n","protected":false},"author":11,"featured_media":10328,"comment_status":"closed","ping_status":"closed","sticky":false,"template":"","format":"standard","meta":{"_monsterinsights_skip_tracking":false,"_monsterinsights_sitenote_active":false,"_monsterinsights_sitenote_note":"","_monsterinsights_sitenote_category":0,"footnotes":""},"categories":[3,11],"tags":[49],"class_list":["post-10326","post","type-post","status-publish","format-standard","has-post-thumbnail","hentry","category-actualites","category-publications","tag-catherine-tremblay"],"_links":{"self":[{"href":"https:\/\/chrs.uqam.ca\/index.php\/wp-json\/wp\/v2\/posts\/10326","targetHints":{"allow":["GET"]}}],"collection":[{"href":"https:\/\/chrs.uqam.ca\/index.php\/wp-json\/wp\/v2\/posts"}],"about":[{"href":"https:\/\/chrs.uqam.ca\/index.php\/wp-json\/wp\/v2\/types\/post"}],"author":[{"embeddable":true,"href":"https:\/\/chrs.uqam.ca\/index.php\/wp-json\/wp\/v2\/users\/11"}],"replies":[{"embeddable":true,"href":"https:\/\/chrs.uqam.ca\/index.php\/wp-json\/wp\/v2\/comments?post=10326"}],"version-history":[{"count":0,"href":"https:\/\/chrs.uqam.ca\/index.php\/wp-json\/wp\/v2\/posts\/10326\/revisions"}],"wp:featuredmedia":[{"embeddable":true,"href":"https:\/\/chrs.uqam.ca\/index.php\/wp-json\/wp\/v2\/media\/10328"}],"wp:attachment":[{"href":"https:\/\/chrs.uqam.ca\/index.php\/wp-json\/wp\/v2\/media?parent=10326"}],"wp:term":[{"taxonomy":"category","embeddable":true,"href":"https:\/\/chrs.uqam.ca\/index.php\/wp-json\/wp\/v2\/categories?post=10326"},{"taxonomy":"post_tag","embeddable":true,"href":"https:\/\/chrs.uqam.ca\/index.php\/wp-json\/wp\/v2\/tags?post=10326"}],"curies":[{"name":"wp","href":"https:\/\/api.w.org\/{rel}","templated":true}]}}