{"id":10280,"date":"2022-11-26T12:47:03","date_gmt":"2022-11-26T16:47:03","guid":{"rendered":"https:\/\/chrs.uqam.ca\/?p=10280"},"modified":"2022-11-26T12:56:37","modified_gmt":"2022-11-26T16:56:37","slug":"martin-petitclerc-participera-au-webinaire-les-rendez-vous-de-la-memoire-du-christianisme-social","status":"publish","type":"post","link":"https:\/\/chrs.uqam.ca\/index.php\/2022\/11\/26\/martin-petitclerc-participera-au-webinaire-les-rendez-vous-de-la-memoire-du-christianisme-social\/","title":{"rendered":"Martin Petitclerc participera au webinaire <em>Les rendez-vous de la m\u00e9moire du christianisme social<\/em>"},"content":{"rendered":"\n<p>Dans le cadre de la 3e \u00e9dition de son webinaire <em>Les rendez-vous de la m\u00e9moire du christianisme social<\/em>, le Centre justice et foi lancera le 8 d\u00e9cembre prochain une nouvelle s\u00e9rie de balados intitul\u00e9e <em>Voix-es du christianisme social<\/em>. Ce projet entend donner \u00ab\u00a0la parole \u00e0 des acteurs et des actrices de premier plan de la mouvance sociale chr\u00e9tienne au Qu\u00e9bec\u00a0\u00bb.<\/p>\n\n\n\n<p>Puisque cette ann\u00e9e marque le 100<sup>e<\/sup>\u00a0anniversaire de la CSN et le 50<sup>e<\/sup>\u00a0anniversaire de la gr\u00e8ve du Front commun de 1972, le Centre propose d&rsquo;inaugurer la s\u00e9rie avec\u00a0\u00ab\u00a0une discussion sur l\u2019histoire du mouvement ouvrier, de m\u00eame que sur les succ\u00e8s et d\u00e9fis du syndicalisme dans le Qu\u00e9bec d\u2019aujourd\u2019hui\u00a0\u00bb. Martin Petitclerc, directeur du CHRS, participera \u00e0 la discussion aux c\u00f4t\u00e9s de Suzanne Loiselle, religieuse auxiliatrice et citoyenne engag\u00e9e, et de Michel Rioux, ex-directeur du Service des communications de la CSN.<\/p>\n\n\n\n<p>8 d\u00e9cembre 2022<br>19 h \u00e0 21 h<br>Inscription obligatoire<\/p>\n\n\n\n<p><a href=\"https:\/\/cjf.qc.ca\/activites-publiques\/activites\/webinaire-rendez-vous-memoire-du-christianisme-social-au-quebec-2022\/\" target=\"_blank\" rel=\"noopener\" title=\"\">Pour les d\u00e9tails<\/a><\/p>\n","protected":false},"excerpt":{"rendered":"<p>Dans le cadre de la 3e \u00e9dition de son webinaire Les rendez-vous de la m\u00e9moire du christianisme social, le Centre justice et foi lancera le 8 d\u00e9cembre prochain une nouvelle&#8230;<\/p>\n","protected":false},"author":11,"featured_media":10281,"comment_status":"closed","ping_status":"closed","sticky":false,"template":"","format":"standard","meta":{"_monsterinsights_skip_tracking":false,"_monsterinsights_sitenote_active":false,"_monsterinsights_sitenote_note":"","_monsterinsights_sitenote_category":0,"footnotes":""},"categories":[3],"tags":[13],"class_list":["post-10280","post","type-post","status-publish","format-standard","has-post-thumbnail","hentry","category-actualites","tag-martin-petitclerc"],"_links":{"self":[{"href":"https:\/\/chrs.uqam.ca\/index.php\/wp-json\/wp\/v2\/posts\/10280","targetHints":{"allow":["GET"]}}],"collection":[{"href":"https:\/\/chrs.uqam.ca\/index.php\/wp-json\/wp\/v2\/posts"}],"about":[{"href":"https:\/\/chrs.uqam.ca\/index.php\/wp-json\/wp\/v2\/types\/post"}],"author":[{"embeddable":true,"href":"https:\/\/chrs.uqam.ca\/index.php\/wp-json\/wp\/v2\/users\/11"}],"replies":[{"embeddable":true,"href":"https:\/\/chrs.uqam.ca\/index.php\/wp-json\/wp\/v2\/comments?post=10280"}],"version-history":[{"count":0,"href":"https:\/\/chrs.uqam.ca\/index.php\/wp-json\/wp\/v2\/posts\/10280\/revisions"}],"wp:featuredmedia":[{"embeddable":true,"href":"https:\/\/chrs.uqam.ca\/index.php\/wp-json\/wp\/v2\/media\/10281"}],"wp:attachment":[{"href":"https:\/\/chrs.uqam.ca\/index.php\/wp-json\/wp\/v2\/media?parent=10280"}],"wp:term":[{"taxonomy":"category","embeddable":true,"href":"https:\/\/chrs.uqam.ca\/index.php\/wp-json\/wp\/v2\/categories?post=10280"},{"taxonomy":"post_tag","embeddable":true,"href":"https:\/\/chrs.uqam.ca\/index.php\/wp-json\/wp\/v2\/tags?post=10280"}],"curies":[{"name":"wp","href":"https:\/\/api.w.org\/{rel}","templated":true}]}}