{"id":10223,"date":"2022-10-26T11:47:41","date_gmt":"2022-10-26T15:47:41","guid":{"rendered":"https:\/\/chrs.uqam.ca\/?p=10223"},"modified":"2022-10-26T11:59:46","modified_gmt":"2022-10-26T15:59:46","slug":"catherine-larochelle-remporte-le-prix-lionel-groulx-et-le-prix-du-meilleur-livre-francais-de-lache","status":"publish","type":"post","link":"https:\/\/chrs.uqam.ca\/index.php\/2022\/10\/26\/catherine-larochelle-remporte-le-prix-lionel-groulx-et-le-prix-du-meilleur-livre-francais-de-lache\/","title":{"rendered":"Catherine Larochelle remporte le prix Lionel-Groulx et le prix du meilleur livre fran\u00e7ais de l\u2019ACHE"},"content":{"rendered":"\n<p>Catherine Larochelle a remport\u00e9 le prix du meilleur ouvrage en langue fran\u00e7aise de l\u2019Association canadienne d&rsquo;histoire de l&rsquo;\u00e9ducation pour son r\u00e9cent ouvrage <em>L&rsquo;\u00e9cole du racisme: La construction de l&rsquo;alt\u00e9rit\u00e9 \u00e0 l&rsquo;\u00e9cole qu\u00e9b\u00e9coise (1830-1915)<\/em>.<\/p>\n\n\n\n<p>Son livre lui a aussi valu le prix Lionel-Groulx, la plus prestigieuse des r\u00e9compenses d\u00e9cern\u00e9es par l&rsquo;Institut d&rsquo;histoire de l&rsquo;Am\u00e9rique fran\u00e7aise. Accompagn\u00e9 d&rsquo;une bourse de 2000 $, ce prix c\u00e9l\u00e8bre le meilleur ouvrage portant sur un aspect de l\u2019histoire de l\u2019Am\u00e9rique fran\u00e7aise et s\u2019imposant par son caract\u00e8re scientifique.<\/p>\n\n\n\n<p>La chercheuse a profit\u00e9 de son discours d&rsquo;acceptation pour sugg\u00e9rer le changement de nom du prix Lionel-Groulx. En soulignant la participation de Lionel Groulx \u00e0 la construction du racisme dans le syst\u00e8me scolaire, elle a rappel\u00e9 l&rsquo;importance de se \u00ab\u00a0m\u00e9fier des comm\u00e9morations\u00a0\u00bb et propos\u00e9 d&rsquo;adopter un nouveau nom qui traduirait davantage le \u00ab\u00a0dynamisme qui anime notre champ du savoir\u00a0\u00bb. Son discours complet a \u00e9t\u00e9 publi\u00e9 sur <a rel=\"noreferrer noopener\" href=\"https:\/\/twitter.com\/CatherineLaroc3\/status\/1584603302431719425?s=20&amp;t=jBZpcTJfeFMorTjK_b7z-g\" target=\"_blank\">Twitter<\/a> et a fait l&rsquo;objet d&rsquo;un article dans <em><a href=\"https:\/\/www.ledevoir.com\/societe\/767281\/histoire-la-recipiendaire-du-prix-lionel-groulx-souhaite-que-l-honneur-change-de-nom?fbclid=IwAR3AlFkoydXwaxrpCyPqjuGDWd-lAHmQS8FGWnz5cfpVv8p7xAJwv2UV030\" target=\"_blank\" rel=\"noreferrer noopener\">Le Devoir<\/a><\/em>.<\/p>\n\n\n\n<p>Le Centre d&rsquo;histoire des r\u00e9gulations sociales la f\u00e9licite pour ces r\u00e9compenses.<\/p>\n","protected":false},"excerpt":{"rendered":"<p>Catherine Larochelle a remport\u00e9 le prix du meilleur ouvrage en langue fran\u00e7aise de l\u2019Association canadienne d&rsquo;histoire de l&rsquo;\u00e9ducation pour son r\u00e9cent ouvrage L&rsquo;\u00e9cole du racisme: La construction de l&rsquo;alt\u00e9rit\u00e9 \u00e0&#8230;<\/p>\n","protected":false},"author":11,"featured_media":9401,"comment_status":"closed","ping_status":"closed","sticky":false,"template":"","format":"standard","meta":{"_monsterinsights_skip_tracking":false,"_monsterinsights_sitenote_active":false,"_monsterinsights_sitenote_note":"","_monsterinsights_sitenote_category":0,"footnotes":""},"categories":[3],"tags":[43],"class_list":["post-10223","post","type-post","status-publish","format-standard","has-post-thumbnail","hentry","category-actualites","tag-catherine-larochelle"],"_links":{"self":[{"href":"https:\/\/chrs.uqam.ca\/index.php\/wp-json\/wp\/v2\/posts\/10223","targetHints":{"allow":["GET"]}}],"collection":[{"href":"https:\/\/chrs.uqam.ca\/index.php\/wp-json\/wp\/v2\/posts"}],"about":[{"href":"https:\/\/chrs.uqam.ca\/index.php\/wp-json\/wp\/v2\/types\/post"}],"author":[{"embeddable":true,"href":"https:\/\/chrs.uqam.ca\/index.php\/wp-json\/wp\/v2\/users\/11"}],"replies":[{"embeddable":true,"href":"https:\/\/chrs.uqam.ca\/index.php\/wp-json\/wp\/v2\/comments?post=10223"}],"version-history":[{"count":0,"href":"https:\/\/chrs.uqam.ca\/index.php\/wp-json\/wp\/v2\/posts\/10223\/revisions"}],"wp:featuredmedia":[{"embeddable":true,"href":"https:\/\/chrs.uqam.ca\/index.php\/wp-json\/wp\/v2\/media\/9401"}],"wp:attachment":[{"href":"https:\/\/chrs.uqam.ca\/index.php\/wp-json\/wp\/v2\/media?parent=10223"}],"wp:term":[{"taxonomy":"category","embeddable":true,"href":"https:\/\/chrs.uqam.ca\/index.php\/wp-json\/wp\/v2\/categories?post=10223"},{"taxonomy":"post_tag","embeddable":true,"href":"https:\/\/chrs.uqam.ca\/index.php\/wp-json\/wp\/v2\/tags?post=10223"}],"curies":[{"name":"wp","href":"https:\/\/api.w.org\/{rel}","templated":true}]}}