{"id":10165,"date":"2022-10-22T11:37:41","date_gmt":"2022-10-22T15:37:41","guid":{"rendered":"https:\/\/chrs.uqam.ca\/?p=10165"},"modified":"2022-10-24T08:40:38","modified_gmt":"2022-10-24T12:40:38","slug":"a-lire-julien-mauduit-lance-la-guerre-dindependance-des-canadas","status":"publish","type":"post","link":"https:\/\/chrs.uqam.ca\/index.php\/2022\/10\/22\/a-lire-julien-mauduit-lance-la-guerre-dindependance-des-canadas\/","title":{"rendered":"\u00c0 lire: Julien Mauduit lance <em>La guerre d&rsquo;ind\u00e9pendance des Canadas<\/em>"},"content":{"rendered":"\n<p>Julien Mauduit, ancien membre \u00e9tudiant du CHRS et stagiaire postdoctorant \u00e0 l&rsquo;Universit\u00e9 John Hopkins, publie <em>La guerre d&rsquo;ind\u00e9pendance des Canadas<\/em>, un essai abordant les r\u00e9bellions patriotes de 1837-1838 dans une perspective transnationale. Il s&rsquo;est r\u00e9cemment entretenu avec <em>Le Devoir <\/em>pour parler de son ouvrage et des r\u00e9bellions, un conflit dont on sous-estime selon lui le \u00ab\u00a0caract\u00e8re r\u00e9volutionnaire\u00a0\u00bb.<\/p>\n\n\n\n<p>\u00ab Les r\u00e9bellions de 1837-1838 ont longtemps \u00e9t\u00e9 d\u00e9peintes en conflit de nationalit\u00e9 dans la lign\u00e9e du rapport Durham. \u2018Le but premier des patriotes \u00e9tait plut\u00f4t le bonheur des peuples, l\u2019accession \u00e0 la propri\u00e9t\u00e9 et le d\u00e9veloppement du commerce, nuance Julien Mauduit. La dimension politique \u00e9tait plus importante que la dimension nationalitaire.\u2019 L\u2019historien illustre son point de vue en mettant en avant le caract\u00e8re bilingue du mouvement bas-canadien et sa volont\u00e9 d\u2019aplanir les pr\u00e9jug\u00e9s fond\u00e9s sur la langue. \u00bb Il \u00e9voque \u00e9galement les rapports complexes entre les deux Canadas, les \u00c9tats-Unis et l\u2019empire britannique tout au long de ce conflit.<\/p>\n\n\n\n<p><a href=\"https:\/\/www.ledevoir.com\/lire\/760825\/coup-d-essai-la-constellation-patriote?fbclid=IwAR2yViYNBRrroxJWOjuUOrcXwwL4KL5PcxN7mF_Y3D4gTnU6f_kxDyRT7Dg\" target=\"_blank\" rel=\"noreferrer noopener\">Pour lire l&rsquo;article dans <em>Le<\/em> <em>Devoir<\/em><\/a><\/p>\n\n\n\n<p><\/p>\n","protected":false},"excerpt":{"rendered":"<p>Julien Mauduit, ancien membre \u00e9tudiant du CHRS et stagiaire postdoctorant \u00e0 l&rsquo;Universit\u00e9 John Hopkins, publie La guerre d&rsquo;ind\u00e9pendance des Canadas, un essai abordant les r\u00e9bellions patriotes de 1837-1838 dans une&#8230;<\/p>\n","protected":false},"author":11,"featured_media":10203,"comment_status":"closed","ping_status":"closed","sticky":false,"template":"","format":"standard","meta":{"_monsterinsights_skip_tracking":false,"_monsterinsights_sitenote_active":false,"_monsterinsights_sitenote_note":"","_monsterinsights_sitenote_category":0,"footnotes":""},"categories":[3],"tags":[29],"class_list":["post-10165","post","type-post","status-publish","format-standard","has-post-thumbnail","hentry","category-actualites","tag-julien-mauduit"],"_links":{"self":[{"href":"https:\/\/chrs.uqam.ca\/index.php\/wp-json\/wp\/v2\/posts\/10165","targetHints":{"allow":["GET"]}}],"collection":[{"href":"https:\/\/chrs.uqam.ca\/index.php\/wp-json\/wp\/v2\/posts"}],"about":[{"href":"https:\/\/chrs.uqam.ca\/index.php\/wp-json\/wp\/v2\/types\/post"}],"author":[{"embeddable":true,"href":"https:\/\/chrs.uqam.ca\/index.php\/wp-json\/wp\/v2\/users\/11"}],"replies":[{"embeddable":true,"href":"https:\/\/chrs.uqam.ca\/index.php\/wp-json\/wp\/v2\/comments?post=10165"}],"version-history":[{"count":0,"href":"https:\/\/chrs.uqam.ca\/index.php\/wp-json\/wp\/v2\/posts\/10165\/revisions"}],"wp:featuredmedia":[{"embeddable":true,"href":"https:\/\/chrs.uqam.ca\/index.php\/wp-json\/wp\/v2\/media\/10203"}],"wp:attachment":[{"href":"https:\/\/chrs.uqam.ca\/index.php\/wp-json\/wp\/v2\/media?parent=10165"}],"wp:term":[{"taxonomy":"category","embeddable":true,"href":"https:\/\/chrs.uqam.ca\/index.php\/wp-json\/wp\/v2\/categories?post=10165"},{"taxonomy":"post_tag","embeddable":true,"href":"https:\/\/chrs.uqam.ca\/index.php\/wp-json\/wp\/v2\/tags?post=10165"}],"curies":[{"name":"wp","href":"https:\/\/api.w.org\/{rel}","templated":true}]}}